{"id":2450,"date":"2014-10-22T16:31:34","date_gmt":"2014-10-22T16:31:34","guid":{"rendered":"http:\/\/alalay.co.uk\/?p=2450"},"modified":"2014-10-22T18:10:26","modified_gmt":"2014-10-22T18:10:26","slug":"international-street-workers-conference","status":"publish","type":"post","link":"http:\/\/alalay.co.uk\/?p=2450","title":{"rendered":"International Street Workers&#8217; Conference"},"content":{"rendered":"\n<!-- Facebook Like Button v1.9.6 BEGIN [http:\/\/blog.bottomlessinc.com] -->\n<iframe src=\"http:\/\/www.facebook.com\/plugins\/like.php?href=http%3A%2F%2Falalay.co.uk%2F%3Fp%3D2450&amp;layout=standard&amp;show_faces=false&amp;width=450&amp;action=like&amp;colorscheme=light\" scrolling=\"no\" frameborder=\"0\" allowTransparency=\"true\" style=\"border:none; overflow:hidden; width:450px; height: 30px; align: left; margin: 2px 0px 2px 0px\"><\/iframe>\n<!-- Facebook Like Button END -->\n<p><a href=\"http:\/\/alalay.co.uk\/wordpress\/wp-content\/uploads\/2014\/10\/dynamo-logo.jpg\"><img decoding=\"async\" loading=\"lazy\" class=\"alignleft wp-image-2453 size-medium\" src=\"http:\/\/alalay.co.uk\/wordpress\/wp-content\/uploads\/2014\/10\/dynamo-logo-300x102.jpg\" alt=\"dynamo logo\" width=\"300\" height=\"102\" srcset=\"http:\/\/alalay.co.uk\/wordpress\/wp-content\/uploads\/2014\/10\/dynamo-logo-300x102.jpg 300w, http:\/\/alalay.co.uk\/wordpress\/wp-content\/uploads\/2014\/10\/dynamo-logo.jpg 383w\" sizes=\"(max-width: 300px) 100vw, 300px\" \/><\/a>As previously mentioned <a href=\"http:\/\/alalay.co.uk\/?p=2434\" target=\"_blank\">here<\/a>, this is a busy time for Alalay in Santa Cruz. The\u00c2 regional co-ordinator Ximena Rojas Landivar is one of the main organisers of the International Street Workers&#8217;\u00c2 Conference, organised as part of\u00c2 <a href=\"http:\/\/travailderue.org\/\" target=\"_blank\">Dynamo-International Street Workers&#8217; Network<\/a>, a network which aims to support &#8220;street workers&#8221; &#8211; professionals who work with children, young people and adults on the streets.<\/p>\n<p>Running from the 20-25th October, the Conference\u00c2 brings together a huge number of people, including representatives from the Bolivian Government (at national, departmental and municipal levels) and various international\/national networks and civil society groups. Delegates\u00c2 will discuss issues based around a series of questions covering three main areas: political, methodological and training, whilst deciding what their focus should be for 2015-16.<\/p>\n<p>Practical questions to\u00c2 be discussed include: what policies are necessary, pertinent and applicable to enable social inclusion of marginalised groups? What have your experiences been (both positive and negative) in terms of implementing policies for people living and\/or working on the streets? What are the minimum requirements for the successful training of &#8220;street educators&#8221; (professionals\u00c2 who go and speak to children still living and working on the streets)?<\/p>\n<p>There will also be talks from Paula Vargas (UNICEF) about the International Convention on the Rights of the Child and Rosario Valenzuela (Bolivian Vice Ministry for Social Defense and Controlled Substances) about the national plan for drug reduction in Bolivia, alongside many other presentations.<\/p>\n<p>Street work and building a relationship with children still on the streets is a fundamental part of Alalay&#8217;s work. Read more about the challenges of working on the streets <a href=\"http:\/\/www.travailderue.org\/wp-content\/uploads\/2014\/01\/Toolkit-New-street-workers.pdf\" target=\"_blank\">here<\/a> (a Dynamo publication, entitled &#8220;On the Street: A practical guide for new social street workers&#8221;) or find out about Alalay&#8217;s street work and other stages of activity with their children <a href=\"http:\/\/alalay.co.uk\/?page_id=33\" target=\"_blank\">here<\/a>. We are thrilled that Alalay is so intrinsically\u00c2 involved in\u00c2 what promises to be a fascinating conference, and very excited to hear about the ideas that stem from the discussions! Watch this space.<\/p>\n","protected":false},"excerpt":{"rendered":"<p>As previously mentioned here, this is a busy time for Alalay in Santa Cruz. The\u00c2 regional co-ordinator Ximena Rojas Landivar is one of the main organisers of the International Street Workers&#8217;\u00c2 Conference, organised as part of\u00c2 Dynamo-International Street Workers&#8217; Network, &hellip; <a href=\"http:\/\/alalay.co.uk\/?p=2450\">Continue reading <span class=\"meta-nav\">&rarr;<\/span><\/a><\/p>\n","protected":false},"author":1,"featured_media":0,"comment_status":"closed","ping_status":"open","sticky":false,"template":"","format":"standard","meta":[],"categories":[1],"tags":[],"_links":{"self":[{"href":"http:\/\/alalay.co.uk\/index.php?rest_route=\/wp\/v2\/posts\/2450"}],"collection":[{"href":"http:\/\/alalay.co.uk\/index.php?rest_route=\/wp\/v2\/posts"}],"about":[{"href":"http:\/\/alalay.co.uk\/index.php?rest_route=\/wp\/v2\/types\/post"}],"author":[{"embeddable":true,"href":"http:\/\/alalay.co.uk\/index.php?rest_route=\/wp\/v2\/users\/1"}],"replies":[{"embeddable":true,"href":"http:\/\/alalay.co.uk\/index.php?rest_route=%2Fwp%2Fv2%2Fcomments&post=2450"}],"version-history":[{"count":0,"href":"http:\/\/alalay.co.uk\/index.php?rest_route=\/wp\/v2\/posts\/2450\/revisions"}],"wp:attachment":[{"href":"http:\/\/alalay.co.uk\/index.php?rest_route=%2Fwp%2Fv2%2Fmedia&parent=2450"}],"wp:term":[{"taxonomy":"category","embeddable":true,"href":"http:\/\/alalay.co.uk\/index.php?rest_route=%2Fwp%2Fv2%2Fcategories&post=2450"},{"taxonomy":"post_tag","embeddable":true,"href":"http:\/\/alalay.co.uk\/index.php?rest_route=%2Fwp%2Fv2%2Ftags&post=2450"}],"curies":[{"name":"wp","href":"https:\/\/api.w.org\/{rel}","templated":true}]}}