{"id":2643,"date":"2015-02-18T15:33:09","date_gmt":"2015-02-18T15:33:09","guid":{"rendered":"http:\/\/alalay.co.uk\/?p=2643"},"modified":"2015-02-18T15:33:09","modified_gmt":"2015-02-18T15:33:09","slug":"meetings-at-the-bolivian-embassy-in-london","status":"publish","type":"post","link":"http:\/\/alalay.co.uk\/?p=2643","title":{"rendered":"Meetings at the Bolivian Embassy in London"},"content":{"rendered":"\n<!-- Facebook Like Button v1.9.6 BEGIN [http:\/\/blog.bottomlessinc.com] -->\n<iframe src=\"http:\/\/www.facebook.com\/plugins\/like.php?href=http%3A%2F%2Falalay.co.uk%2F%3Fp%3D2643&amp;layout=standard&amp;show_faces=false&amp;width=450&amp;action=like&amp;colorscheme=light\" scrolling=\"no\" frameborder=\"0\" allowTransparency=\"true\" style=\"border:none; overflow:hidden; width:450px; height: 30px; align: left; margin: 2px 0px 2px 0px\"><\/iframe>\n<!-- Facebook Like Button END -->\n<div id=\"attachment_2644\" style=\"width: 409px\" class=\"wp-caption alignright\"><a href=\"http:\/\/alalay.co.uk\/wordpress\/wp-content\/uploads\/2015\/02\/annie-and-ambassador.jpg\"><img aria-describedby=\"caption-attachment-2644\" decoding=\"async\" loading=\"lazy\" class=\"wp-image-2644 size-full\" src=\"http:\/\/alalay.co.uk\/wordpress\/wp-content\/uploads\/2015\/02\/annie-and-ambassador.jpg\" alt=\"annie and ambassador\" width=\"399\" height=\"433\" srcset=\"http:\/\/alalay.co.uk\/wordpress\/wp-content\/uploads\/2015\/02\/annie-and-ambassador.jpg 399w, http:\/\/alalay.co.uk\/wordpress\/wp-content\/uploads\/2015\/02\/annie-and-ambassador-276x300.jpg 276w\" sizes=\"(max-width: 399px) 100vw, 399px\" \/><\/a><p id=\"caption-attachment-2644\" class=\"wp-caption-text\">Myself and Ambassador Calzadilla<\/p><\/div>\n<p>I was very kindly invited to the <a href=\"http:\/\/www.bolivianembassy.co.uk\/\" target=\"_blank\">Bolivian Embassy in London<\/a> earlier this week for a series of meetings. I spoke at length\u00c2 with both Giovanna Lenny Vidal, and Roberto Calzadilla (Ambassador to the UK) during my\u00c2 visit, and it provided a fantastic opportunity for me to share\u00c2 Alalay&#8217;s work and my involvement with them, alongside discussing current projects and plans.<\/p>\n<p>My many thanks to the Embassy for the warm welcome that I received, and I look forward to more collaborations in the future.<\/p>\n","protected":false},"excerpt":{"rendered":"<p>I was very kindly invited to the Bolivian Embassy in London earlier this week for a series of meetings. I spoke at length\u00c2 with both Giovanna Lenny Vidal, and Roberto Calzadilla (Ambassador to the UK) during my\u00c2 visit, and it &hellip; <a href=\"http:\/\/alalay.co.uk\/?p=2643\">Continue reading <span class=\"meta-nav\">&rarr;<\/span><\/a><\/p>\n","protected":false},"author":1,"featured_media":0,"comment_status":"closed","ping_status":"open","sticky":false,"template":"","format":"standard","meta":[],"categories":[1],"tags":[],"_links":{"self":[{"href":"http:\/\/alalay.co.uk\/index.php?rest_route=\/wp\/v2\/posts\/2643"}],"collection":[{"href":"http:\/\/alalay.co.uk\/index.php?rest_route=\/wp\/v2\/posts"}],"about":[{"href":"http:\/\/alalay.co.uk\/index.php?rest_route=\/wp\/v2\/types\/post"}],"author":[{"embeddable":true,"href":"http:\/\/alalay.co.uk\/index.php?rest_route=\/wp\/v2\/users\/1"}],"replies":[{"embeddable":true,"href":"http:\/\/alalay.co.uk\/index.php?rest_route=%2Fwp%2Fv2%2Fcomments&post=2643"}],"version-history":[{"count":0,"href":"http:\/\/alalay.co.uk\/index.php?rest_route=\/wp\/v2\/posts\/2643\/revisions"}],"wp:attachment":[{"href":"http:\/\/alalay.co.uk\/index.php?rest_route=%2Fwp%2Fv2%2Fmedia&parent=2643"}],"wp:term":[{"taxonomy":"category","embeddable":true,"href":"http:\/\/alalay.co.uk\/index.php?rest_route=%2Fwp%2Fv2%2Fcategories&post=2643"},{"taxonomy":"post_tag","embeddable":true,"href":"http:\/\/alalay.co.uk\/index.php?rest_route=%2Fwp%2Fv2%2Ftags&post=2643"}],"curies":[{"name":"wp","href":"https:\/\/api.w.org\/{rel}","templated":true}]}}